{"id":661,"date":"2017-01-26T20:34:35","date_gmt":"2017-01-26T19:34:35","guid":{"rendered":"http:\/\/www.weingut-im-moselkrampen.de\/?p=661"},"modified":"2017-02-16T15:01:58","modified_gmt":"2017-02-16T14:01:58","slug":"erneuter-booking-award-2016","status":"publish","type":"post","link":"https:\/\/www.weingut-im-moselkrampen.de\/de_de\/2017\/01\/26\/erneuter-booking-award-2016\/","title":{"rendered":"Booking Award 2016 !"},"content":{"rendered":"<p>Gro\u00dfes Dankesch\u00f6n an alle G\u00e4ste f\u00fcr die erneut tollen Bewertungen !<\/p>\n<p><img loading=\"lazy\" decoding=\"async\" class=\"alignnone size-medium wp-image-662\" src=\"http:\/\/www.weingut-im-moselkrampen.de\/wp-content\/uploads\/2017\/01\/booking-award2016-300x300.jpg\" alt=\"\" width=\"300\" height=\"300\" srcset=\"https:\/\/www.weingut-im-moselkrampen.de\/wp-content\/uploads\/2017\/01\/booking-award2016-300x300.jpg 300w, https:\/\/www.weingut-im-moselkrampen.de\/wp-content\/uploads\/2017\/01\/booking-award2016-100x100.jpg 100w, https:\/\/www.weingut-im-moselkrampen.de\/wp-content\/uploads\/2017\/01\/booking-award2016-600x600.jpg 600w, https:\/\/www.weingut-im-moselkrampen.de\/wp-content\/uploads\/2017\/01\/booking-award2016-150x150.jpg 150w, https:\/\/www.weingut-im-moselkrampen.de\/wp-content\/uploads\/2017\/01\/booking-award2016-768x768.jpg 768w, https:\/\/www.weingut-im-moselkrampen.de\/wp-content\/uploads\/2017\/01\/booking-award2016-1024x1024.jpg 1024w, https:\/\/www.weingut-im-moselkrampen.de\/wp-content\/uploads\/2017\/01\/booking-award2016.jpg 1200w\" sizes=\"auto, (max-width: 300px) 100vw, 300px\" \/><\/p>\n<p>&nbsp;<\/p>\n","protected":false},"excerpt":{"rendered":"<p>Gro\u00dfes Dankesch\u00f6n an alle G\u00e4ste f\u00fcr die erneut tollen Bewertungen ! &nbsp;<\/p>\n","protected":false},"author":4,"featured_media":662,"comment_status":"open","ping_status":"open","sticky":false,"template":"","format":"standard","meta":{"footnotes":""},"categories":[1],"tags":[],"class_list":{"0":"post-661","1":"post","2":"type-post","3":"status-publish","4":"format-standard","5":"has-post-thumbnail","6":"hentry","7":"category-uncategorized","9":"post-with-thumbnail","10":"post-with-thumbnail-large"},"_links":{"self":[{"href":"https:\/\/www.weingut-im-moselkrampen.de\/de_de\/wp-json\/wp\/v2\/posts\/661","targetHints":{"allow":["GET"]}}],"collection":[{"href":"https:\/\/www.weingut-im-moselkrampen.de\/de_de\/wp-json\/wp\/v2\/posts"}],"about":[{"href":"https:\/\/www.weingut-im-moselkrampen.de\/de_de\/wp-json\/wp\/v2\/types\/post"}],"author":[{"embeddable":true,"href":"https:\/\/www.weingut-im-moselkrampen.de\/de_de\/wp-json\/wp\/v2\/users\/4"}],"replies":[{"embeddable":true,"href":"https:\/\/www.weingut-im-moselkrampen.de\/de_de\/wp-json\/wp\/v2\/comments?post=661"}],"version-history":[{"count":6,"href":"https:\/\/www.weingut-im-moselkrampen.de\/de_de\/wp-json\/wp\/v2\/posts\/661\/revisions"}],"predecessor-version":[{"id":682,"href":"https:\/\/www.weingut-im-moselkrampen.de\/de_de\/wp-json\/wp\/v2\/posts\/661\/revisions\/682"}],"wp:featuredmedia":[{"embeddable":true,"href":"https:\/\/www.weingut-im-moselkrampen.de\/de_de\/wp-json\/wp\/v2\/media\/662"}],"wp:attachment":[{"href":"https:\/\/www.weingut-im-moselkrampen.de\/de_de\/wp-json\/wp\/v2\/media?parent=661"}],"wp:term":[{"taxonomy":"category","embeddable":true,"href":"https:\/\/www.weingut-im-moselkrampen.de\/de_de\/wp-json\/wp\/v2\/categories?post=661"},{"taxonomy":"post_tag","embeddable":true,"href":"https:\/\/www.weingut-im-moselkrampen.de\/de_de\/wp-json\/wp\/v2\/tags?post=661"}],"curies":[{"name":"wp","href":"https:\/\/api.w.org\/{rel}","templated":true}]}}