{"id":2334,"date":"2023-10-13T14:00:51","date_gmt":"2023-10-13T12:00:51","guid":{"rendered":"https:\/\/www.weingut-im-moselkrampen.de\/?p=2334"},"modified":"2023-10-13T14:00:51","modified_gmt":"2023-10-13T12:00:51","slug":"weinlese-2023","status":"publish","type":"post","link":"https:\/\/www.weingut-im-moselkrampen.de\/en\/2023\/10\/13\/weinlese-2023\/","title":{"rendered":"Weinlese 2023"},"content":{"rendered":"<p>Nach dem Sp\u00e4tburgunder haben wir jetzt auch unsere Riesling-Steillage gelesen. Die G\u00e4rung hat begonnen und wir erwarten einen tollen Jahgang 2023! Ganz besonders freuen wir uns nat\u00fcrlich auf den Wein &#8222;Emilie&#8220;.<\/p>","protected":false},"excerpt":{"rendered":"<p>Nach dem Sp\u00e4tburgunder haben wir jetzt auch unsere Riesling-Steillage gelesen. Die G\u00e4rung hat begonnen und wir erwarten einen tollen Jahgang 2023! Ganz besonders freuen wir uns nat\u00fcrlich auf den Wein &#8222;Emilie&#8220;.<\/p>","protected":false},"author":3,"featured_media":2335,"comment_status":"open","ping_status":"open","sticky":false,"template":"","format":"standard","meta":{"footnotes":""},"categories":[1],"tags":[],"class_list":{"0":"post-2334","1":"post","2":"type-post","3":"status-publish","4":"format-standard","5":"has-post-thumbnail","6":"hentry","7":"category-uncategorized","9":"post-with-thumbnail","10":"post-with-thumbnail-large"},"_links":{"self":[{"href":"https:\/\/www.weingut-im-moselkrampen.de\/en\/wp-json\/wp\/v2\/posts\/2334","targetHints":{"allow":["GET"]}}],"collection":[{"href":"https:\/\/www.weingut-im-moselkrampen.de\/en\/wp-json\/wp\/v2\/posts"}],"about":[{"href":"https:\/\/www.weingut-im-moselkrampen.de\/en\/wp-json\/wp\/v2\/types\/post"}],"author":[{"embeddable":true,"href":"https:\/\/www.weingut-im-moselkrampen.de\/en\/wp-json\/wp\/v2\/users\/3"}],"replies":[{"embeddable":true,"href":"https:\/\/www.weingut-im-moselkrampen.de\/en\/wp-json\/wp\/v2\/comments?post=2334"}],"version-history":[{"count":1,"href":"https:\/\/www.weingut-im-moselkrampen.de\/en\/wp-json\/wp\/v2\/posts\/2334\/revisions"}],"predecessor-version":[{"id":2336,"href":"https:\/\/www.weingut-im-moselkrampen.de\/en\/wp-json\/wp\/v2\/posts\/2334\/revisions\/2336"}],"wp:featuredmedia":[{"embeddable":true,"href":"https:\/\/www.weingut-im-moselkrampen.de\/en\/wp-json\/wp\/v2\/media\/2335"}],"wp:attachment":[{"href":"https:\/\/www.weingut-im-moselkrampen.de\/en\/wp-json\/wp\/v2\/media?parent=2334"}],"wp:term":[{"taxonomy":"category","embeddable":true,"href":"https:\/\/www.weingut-im-moselkrampen.de\/en\/wp-json\/wp\/v2\/categories?post=2334"},{"taxonomy":"post_tag","embeddable":true,"href":"https:\/\/www.weingut-im-moselkrampen.de\/en\/wp-json\/wp\/v2\/tags?post=2334"}],"curies":[{"name":"wp","href":"https:\/\/api.w.org\/{rel}","templated":true}]}}